{"id":5089,"date":"2022-05-17T13:09:56","date_gmt":"2022-05-17T11:09:56","guid":{"rendered":"https:\/\/www.traghettiup.com\/blog\/?p=5089"},"modified":"2022-05-23T10:00:12","modified_gmt":"2022-05-23T08:00:12","slug":"spiagge-bandiere-blu-2022-in-sardegna-elenco-completo","status":"publish","type":"post","link":"https:\/\/www.traghettiup.com\/blog\/spiagge-bandiere-blu-2022-in-sardegna-elenco-completo\/","title":{"rendered":"Spiagge Bandiere Blu 2022 in Sardegna: elenco completo"},"content":{"rendered":"\n<h2 class=\"wp-block-heading\">Tutte le spiagge della Sardegna con Bandiera Blu 2022<\/h2>\n\n\n\n<p>Le spiagge della Sardegna con Bandiera Blu nel 2022 sono state insignite dell&#8217;ambito vessillo che ne certifica la qualit\u00e0 delle acque di balneazione e dei servizi. Sia libere che in concessione, rispondono positivamente ai criteri di assegnazione del premio della Fee (Foundation for Environmental Education). Si tratta di un riconoscimento internazionale che viene conferito alle localit\u00e0 che gestiscono il territorio, direttamente con l&#8217;Autorit\u00e0 Locale o tramite operatori balneari concessionari, in maniera sostenibile. I criteri che vengono presi in considerazione sono i seguenti: <\/p>\n\n\n\n<ul class=\"has-pale-cyan-blue-background-color has-background wp-block-list\"><li>Educazione ambientale ed Informazione<\/li><li>Qualit\u00e0 delle acque<\/li><li>Gestione Ambientale<\/li><li>Servizi e Sicurezza<\/li><\/ul>\n\n\n\n<p>In Sardegna abbiamo il record nazionale, con ben 15 localit\u00e0 premiate (45 spiagge): di seguito l&#8217;elenco completo.<\/p>\n\n\n\n<h3 class=\"wp-block-heading\"><br>Bandiere Blu 2022 della Provincia di Sassari<\/h3>\n\n\n\n<h4 class=\"wp-block-heading\"><br>Spiagge a Badesi <\/h4>\n\n\n\n<h5 class=\"wp-block-heading\"><br>Spiaggia Li Junchi<\/h5>\n\n\n\n<div class=\"wp-block-image\"><figure class=\"aligncenter size-full\"><img loading=\"lazy\" decoding=\"async\" width=\"960\" height=\"720\" src=\"https:\/\/www.traghettiup.com\/blog\/wp-content\/uploads\/2022\/05\/Spiaggia_Li_Junchi.jpg\" alt=\"\" class=\"wp-image-5092\" srcset=\"https:\/\/www.traghettiup.com\/blog\/wp-content\/uploads\/2022\/05\/Spiaggia_Li_Junchi.jpg 960w, https:\/\/www.traghettiup.com\/blog\/wp-content\/uploads\/2022\/05\/Spiaggia_Li_Junchi-300x225.jpg 300w, https:\/\/www.traghettiup.com\/blog\/wp-content\/uploads\/2022\/05\/Spiaggia_Li_Junchi-768x576.jpg 768w\" sizes=\"auto, (max-width: 960px) 100vw, 960px\" \/><figcaption><strong><em>Spiaggia Li Junchi<\/em><\/strong><\/figcaption><\/figure><\/div>\n\n\n\n<p>Li Junchi \u00e8 una spiaggia sia libera che attrezzata, con sabbia chiara tendente al rosa dorato, con granelli di dimensioni medie. I fondali sono sabbiosi ma diventano bruscamente profondi a poca distanza dalla riva. Cespugli di macchia mediterranea e una pineta caratterizzano le collinette retrostanti.<\/p>\n\n\n\n<h5 class=\"wp-block-heading\"><br>Spiaggia Li Mindi<\/h5>\n\n\n\n<div class=\"wp-block-image\"><figure class=\"aligncenter size-full is-resized\"><img loading=\"lazy\" decoding=\"async\" src=\"https:\/\/www.traghettiup.com\/blog\/wp-content\/uploads\/2022\/05\/Spiaggia_Li_Mindi.jpg\" alt=\"\" class=\"wp-image-5093\" width=\"958\" height=\"719\" srcset=\"https:\/\/www.traghettiup.com\/blog\/wp-content\/uploads\/2022\/05\/Spiaggia_Li_Mindi.jpg 700w, https:\/\/www.traghettiup.com\/blog\/wp-content\/uploads\/2022\/05\/Spiaggia_Li_Mindi-300x225.jpg 300w\" sizes=\"auto, (max-width: 958px) 100vw, 958px\" \/><figcaption><strong><em>Spiaggia Li Mindi<\/em><\/strong><\/figcaption><\/figure><\/div>\n\n\n\n<p>La spiaggia Li Mindi \u00e8 libera, con sabbia dorata di granulometria media e fondali sabbiosi non digradanti. Alle spalle le dune cespugliose conferiscono al litorale un aspetto selvaggio.<\/p>\n\n\n\n<h5 class=\"wp-block-heading\"><br>Spiaggia Baia delle Mimose (Pirotto Li Frati)<\/h5>\n\n\n\n<div class=\"wp-block-image\"><figure class=\"aligncenter size-full is-resized\"><img loading=\"lazy\" decoding=\"async\" src=\"https:\/\/www.traghettiup.com\/blog\/wp-content\/uploads\/2022\/05\/Spiaggia_Baia_delle_Mimose.jpg\" alt=\"\" class=\"wp-image-5100\" width=\"960\" height=\"720\" srcset=\"https:\/\/www.traghettiup.com\/blog\/wp-content\/uploads\/2022\/05\/Spiaggia_Baia_delle_Mimose.jpg 720w, https:\/\/www.traghettiup.com\/blog\/wp-content\/uploads\/2022\/05\/Spiaggia_Baia_delle_Mimose-300x225.jpg 300w\" sizes=\"auto, (max-width: 960px) 100vw, 960px\" \/><figcaption><strong><em>Spiaggia di Baia delle Mimose<\/em><\/strong><\/figcaption><\/figure><\/div>\n\n\n\n<p>La spiaggia di Baia delle Mimose (Pirotto Li Frati) \u00e8 composta di sabbia di grandezza media, chiara con gradazioni di rosa e di giallo. Ci troviamo nelle vicinanze della foce del fiume Coghinas, con le formazioni dunose e la macchia mediterranea che qualificano il paesaggio situato dietro l&#8217;arenile.<\/p>\n\n\n\n<h5 class=\"wp-block-heading\"><br>Spiaggia Lu Poltu Biancu<\/h5>\n\n\n\n<div class=\"wp-block-image\"><figure class=\"aligncenter size-full is-resized\"><img loading=\"lazy\" decoding=\"async\" src=\"https:\/\/www.traghettiup.com\/blog\/wp-content\/uploads\/2022\/05\/Spiaggia_Poltu_Biancu.jpg\" alt=\"\" class=\"wp-image-5103\" width=\"959\" height=\"719\" srcset=\"https:\/\/www.traghettiup.com\/blog\/wp-content\/uploads\/2022\/05\/Spiaggia_Poltu_Biancu.jpg 720w, https:\/\/www.traghettiup.com\/blog\/wp-content\/uploads\/2022\/05\/Spiaggia_Poltu_Biancu-300x225.jpg 300w\" sizes=\"auto, (max-width: 959px) 100vw, 959px\" \/><figcaption><strong><em>Spiaggia Lu Poltu Biancu<\/em><\/strong><\/figcaption><\/figure><\/div>\n\n\n\n<p>Anche la spiaggia di Poltu Biancu fa parte della lunga marina di Badesi. \u00c8 libera ma d&#8217;estate \u00e8 attivo il servizio di assistenza ai bagnanti e di salvataggio. La sabbia \u00e8 chiara, con granelli di dimensioni medie. Il fondale, inizialmente basso, non \u00e8 digradante e diviene improvvisamente profondo.<\/p>\n\n\n\n<h4 class=\"wp-block-heading\"><br>Spiagge a Castelsardo<\/h4>\n\n\n\n<h5 class=\"wp-block-heading\"><br>Spiaggia della Madonnina o di Stella Maris<\/h5>\n\n\n\n<div class=\"wp-block-image\"><figure class=\"aligncenter size-full is-resized\"><img loading=\"lazy\" decoding=\"async\" src=\"https:\/\/www.traghettiup.com\/blog\/wp-content\/uploads\/2022\/05\/Spiaggia_della_Madonnina.jpg\" alt=\"\" class=\"wp-image-5106\" width=\"960\" height=\"718\"\/><figcaption><strong><em>Spiaggia della Madonnina<\/em><\/strong><\/figcaption><\/figure><\/div>\n\n\n\n<p>La spiaggia della Madonnina, anche detta di Stella Maris, \u00e8 perfetta per i bambini, con i suoi bassi fondali che digradano molto dolcemente. La sabbia \u00e8 chiara, tendente al rosa, e fine. Un tratto \u00e8 libero ma \u00e8 presente anche uno stabilimento balneare.<\/p>\n\n\n\n<h5 class=\"wp-block-heading\"><br>Spiaggia di Ampurias o del Sacro Cuore<\/h5>\n\n\n\n<div class=\"wp-block-image\"><figure class=\"aligncenter size-full is-resized\"><img loading=\"lazy\" decoding=\"async\" src=\"https:\/\/www.traghettiup.com\/blog\/wp-content\/uploads\/2022\/05\/Spiaggia_Ampurias.jpg\" alt=\"\" class=\"wp-image-5108\" width=\"960\" height=\"641\" srcset=\"https:\/\/www.traghettiup.com\/blog\/wp-content\/uploads\/2022\/05\/Spiaggia_Ampurias.jpg 550w, https:\/\/www.traghettiup.com\/blog\/wp-content\/uploads\/2022\/05\/Spiaggia_Ampurias-300x200.jpg 300w\" sizes=\"auto, (max-width: 960px) 100vw, 960px\" \/><figcaption><strong><em>Spiaggia di Ampurias<\/em><\/strong><\/figcaption><\/figure><\/div>\n\n\n\n<p>La spiaggia di Ampurias, anche detta del Sacro Cuore, \u00e8 libera, anche se non manca la possibilit\u00e0 di noleggiare lettini e ombrelloni. La sabbia \u00e8 bianco-rosata e finissima.<\/p>\n\n\n\n<h4 class=\"wp-block-heading\"><br>Spiagge a Sorso <\/h4>\n\n\n\n<h5 class=\"wp-block-heading\"><br>Spiaggia della Marina di Sorso <\/h5>\n\n\n\n<div class=\"wp-block-image\"><figure class=\"aligncenter size-full is-resized\"><img loading=\"lazy\" decoding=\"async\" src=\"https:\/\/www.traghettiup.com\/blog\/wp-content\/uploads\/2022\/05\/Spiaggia_Marina_di_Sorso.jpg\" alt=\"\" class=\"wp-image-5112\" width=\"961\" height=\"961\" srcset=\"https:\/\/www.traghettiup.com\/blog\/wp-content\/uploads\/2022\/05\/Spiaggia_Marina_di_Sorso.jpg 640w, https:\/\/www.traghettiup.com\/blog\/wp-content\/uploads\/2022\/05\/Spiaggia_Marina_di_Sorso-300x300.jpg 300w, https:\/\/www.traghettiup.com\/blog\/wp-content\/uploads\/2022\/05\/Spiaggia_Marina_di_Sorso-150x150.jpg 150w\" sizes=\"auto, (max-width: 961px) 100vw, 961px\" \/><figcaption><strong><em>Spiaggia della Marina di Sorso<\/em><\/strong><\/figcaption><\/figure><\/div>\n\n\n\n<p>Il quarto, il quinto e il settimo pettine della spiaggia della Marina di Sorso sono precisamente le zone litorali del comune di Sorso premiate con la Bandiera Blu 2022. La sabbia \u00e8 composta da granelli fini, di color rosa chiaro. Sia liberi che attrezzati, i lidi, incorniciati da dune coperte di folti ciuffi verdi, presentano anche aree per cani.<\/p>\n\n\n\n<h4 class=\"wp-block-heading\"><br>Spiagge a Sassari <\/h4>\n\n\n\n<h5 class=\"wp-block-heading\"><br>Spiaggia di Porto Ferro<\/h5>\n\n\n\n<div class=\"wp-block-image\"><figure class=\"aligncenter size-full\"><img loading=\"lazy\" decoding=\"async\" width=\"960\" height=\"720\" src=\"https:\/\/www.traghettiup.com\/blog\/wp-content\/uploads\/2022\/05\/Spiaggia_Porto_Ferro.jpg\" alt=\"\" class=\"wp-image-5115\" srcset=\"https:\/\/www.traghettiup.com\/blog\/wp-content\/uploads\/2022\/05\/Spiaggia_Porto_Ferro.jpg 960w, https:\/\/www.traghettiup.com\/blog\/wp-content\/uploads\/2022\/05\/Spiaggia_Porto_Ferro-300x225.jpg 300w, https:\/\/www.traghettiup.com\/blog\/wp-content\/uploads\/2022\/05\/Spiaggia_Porto_Ferro-768x576.jpg 768w\" sizes=\"auto, (max-width: 960px) 100vw, 960px\" \/><figcaption><strong><em>Spiaggia di Porto Ferro<\/em><\/strong><\/figcaption><\/figure><\/div>\n\n\n\n<p>La spiaggia di Porto Ferro \u00e8 interamente libera, con sabbia di media granulosit\u00e0 di colore rosso-ambrato. Le formazioni dunose, la macchia mediterranea e una pineta contrassegnano lo scenario. Presenti calette per naturisti e aree dog-friendly.<\/p>\n\n\n\n<h5 class=\"wp-block-heading\"><br>Spiaggia di Porto Palmas<\/h5>\n\n\n\n<div class=\"wp-block-image\"><figure class=\"aligncenter size-full\"><img loading=\"lazy\" decoding=\"async\" width=\"960\" height=\"720\" src=\"https:\/\/www.traghettiup.com\/blog\/wp-content\/uploads\/2022\/05\/Spiaggia_Porto_Palmas.jpg\" alt=\"\" class=\"wp-image-5118\" srcset=\"https:\/\/www.traghettiup.com\/blog\/wp-content\/uploads\/2022\/05\/Spiaggia_Porto_Palmas.jpg 960w, https:\/\/www.traghettiup.com\/blog\/wp-content\/uploads\/2022\/05\/Spiaggia_Porto_Palmas-300x225.jpg 300w, https:\/\/www.traghettiup.com\/blog\/wp-content\/uploads\/2022\/05\/Spiaggia_Porto_Palmas-768x576.jpg 768w\" sizes=\"auto, (max-width: 960px) 100vw, 960px\" \/><figcaption><strong><em>Spiaggia di Porto Palmas<\/em><\/strong><\/figcaption><\/figure><\/div>\n\n\n\n<p>La spiaggia di Porto Palmas \u00e8 una piccola mezzaluna di sabbia chiara con granelli di media grandezza, completamente libera. I fondali digradano con dolcezza. L&#8217;ubicazione \u00e8 selvatica, tra colline e macchia mediterranea. Sono disponibili un parcheggio e un chiosco ristorante.<\/p>\n\n\n\n<h5 class=\"wp-block-heading\"><br>Spiaggia di Platamona (Rotonda)<\/h5>\n\n\n\n<div class=\"wp-block-image\"><figure class=\"aligncenter size-large is-resized\"><img loading=\"lazy\" decoding=\"async\" src=\"https:\/\/www.traghettiup.com\/blog\/wp-content\/uploads\/2022\/05\/Spiaggia_Platamona_Rotonda-1024x497.jpg\" alt=\"\" class=\"wp-image-5121\" width=\"960\" height=\"464\"\/><figcaption><strong><em>Spiaggia della Rotonda di Platamona<\/em><\/strong><\/figcaption><\/figure><\/div>\n\n\n\n<p>La spiaggia della Rotonda di Platamona \u00e8 formata da sabbia fina, di colore chiaro tendente al rosa, a tratti libera e a tratti attezzata.<\/p>\n\n\n\n<h4 class=\"wp-block-heading\"><br>Spiagge a Santa Teresa Gallura <\/h4>\n\n\n\n<h5 class=\"wp-block-heading\"><br>Spiaggia di Rena di Ponente e di Rena di Levante (Localit\u00e0 Capo Testa)<\/h5>\n\n\n\n<div class=\"wp-block-image\"><figure class=\"aligncenter size-large\"><img loading=\"lazy\" decoding=\"async\" width=\"1024\" height=\"683\" src=\"https:\/\/www.traghettiup.com\/blog\/wp-content\/uploads\/2022\/05\/Rena_Ponente_e_Rena_Levante-1024x683.jpg\" alt=\"\" class=\"wp-image-5129\" srcset=\"https:\/\/www.traghettiup.com\/blog\/wp-content\/uploads\/2022\/05\/Rena_Ponente_e_Rena_Levante-1024x683.jpg 1024w, https:\/\/www.traghettiup.com\/blog\/wp-content\/uploads\/2022\/05\/Rena_Ponente_e_Rena_Levante-300x200.jpg 300w, https:\/\/www.traghettiup.com\/blog\/wp-content\/uploads\/2022\/05\/Rena_Ponente_e_Rena_Levante-768x512.jpg 768w, https:\/\/www.traghettiup.com\/blog\/wp-content\/uploads\/2022\/05\/Rena_Ponente_e_Rena_Levante.jpg 1320w\" sizes=\"auto, (max-width: 1024px) 100vw, 1024px\" \/><figcaption><strong><em>Rena di Ponente e Rena di Levante<\/em><\/strong><\/figcaption><\/figure><\/div>\n\n\n\n<p>Le spiagge ai lati dell&#8217;istmo sabbioso che collega Capo Testa a Santa Reparata sono due. Rena di Ponente, anche chiamata spiaggia di Capo Testa a sinistra, che \u00e8 caratterizzata dalla sabbia chiara e fina che arriva fin sul fondale, il quale resta basso per alcuni metri dalla riva; e Rena di Levante, dove una bassa scogliera lascia a un certo punto il posto alla spiaggia di Zia Culumba o di Capicciolu, di sabbia fina e dorata.<\/p>\n\n\n\n<h5 class=\"wp-block-heading\"><br>Spiaggia La Taltana &#8211; Santa Reparata<\/h5>\n\n\n\n<div class=\"wp-block-image\"><figure class=\"aligncenter size-full is-resized\"><img loading=\"lazy\" decoding=\"async\" src=\"https:\/\/www.traghettiup.com\/blog\/wp-content\/uploads\/2022\/05\/Spiaggia_Santa_Reparata.jpg\" alt=\"\" class=\"wp-image-5132\" width=\"959\" height=\"715\" srcset=\"https:\/\/www.traghettiup.com\/blog\/wp-content\/uploads\/2022\/05\/Spiaggia_Santa_Reparata.jpg 720w, https:\/\/www.traghettiup.com\/blog\/wp-content\/uploads\/2022\/05\/Spiaggia_Santa_Reparata-300x224.jpg 300w\" sizes=\"auto, (max-width: 959px) 100vw, 959px\" \/><figcaption><strong><em>Spiaggia di Santa Reparata<\/em><\/strong><\/figcaption><\/figure><\/div>\n\n\n\n<p>La spiaggia La Taltana, sul lato ovest di Capo Testa, e quella di Santa Reparata sono contigue, di sabbia chiara e fina. I fondali, nella baia delimitata dalle scogliere, sono bassi e digradanti.<\/p>\n\n\n\n<h5 class=\"wp-block-heading\"><br>Spiaggia di Rena Bianca<\/h5>\n\n\n\n<div class=\"wp-block-image\"><figure class=\"aligncenter size-full is-resized\"><img loading=\"lazy\" decoding=\"async\" src=\"https:\/\/www.traghettiup.com\/blog\/wp-content\/uploads\/2022\/05\/Spiaggia_Rena_Bianca.jpg\" alt=\"\" class=\"wp-image-5135\" width=\"959\" height=\"641\" srcset=\"https:\/\/www.traghettiup.com\/blog\/wp-content\/uploads\/2022\/05\/Spiaggia_Rena_Bianca.jpg 825w, https:\/\/www.traghettiup.com\/blog\/wp-content\/uploads\/2022\/05\/Spiaggia_Rena_Bianca-300x200.jpg 300w, https:\/\/www.traghettiup.com\/blog\/wp-content\/uploads\/2022\/05\/Spiaggia_Rena_Bianca-768x512.jpg 768w\" sizes=\"auto, (max-width: 959px) 100vw, 959px\" \/><figcaption><strong><em>Spiaggia di Rena Bianca<\/em><\/strong><\/figcaption><\/figure><\/div>\n\n\n\n<p>La spiaggia di Rena Bianca \u00e8 di sabbia bianca, fina, a tratti lievemente rosata. Situata in prossimit\u00e0 del centro di Santa Teresa Gallura, presenta pezzi liberamente fruibili e zone attrezzate in concessione. Il fondale marino \u00e8 basso.<\/p>\n\n\n\n<h5 class=\"wp-block-heading\"><br>Spiaggia di Conca Verde<\/h5>\n\n\n\n<div class=\"wp-block-image\"><figure class=\"aligncenter size-full\"><img loading=\"lazy\" decoding=\"async\" width=\"960\" height=\"540\" src=\"https:\/\/www.traghettiup.com\/blog\/wp-content\/uploads\/2022\/05\/Spiaggia_Conca_Verde.jpg\" alt=\"\" class=\"wp-image-5149\" srcset=\"https:\/\/www.traghettiup.com\/blog\/wp-content\/uploads\/2022\/05\/Spiaggia_Conca_Verde.jpg 960w, https:\/\/www.traghettiup.com\/blog\/wp-content\/uploads\/2022\/05\/Spiaggia_Conca_Verde-300x169.jpg 300w, https:\/\/www.traghettiup.com\/blog\/wp-content\/uploads\/2022\/05\/Spiaggia_Conca_Verde-768x432.jpg 768w\" sizes=\"auto, (max-width: 960px) 100vw, 960px\" \/><figcaption><strong><em>Spiaggia di Conca Verde<\/em><\/strong><\/figcaption><\/figure><\/div>\n\n\n\n<p>La spiaggia di Conca Verde \u00e8 libera, di sabbia di granelli fini e dorati, con un fondale basso sabbioso e ciottoloso. A tratti gli scogli affiorano dall&#8217;acqua. Pini e macchia mediterranea contornano la cala. C&#8217;\u00e8 il parcheggio e il bar.<\/p>\n\n\n\n<h4 class=\"wp-block-heading\"><br>Spiagge ad Aglientu <\/h4>\n\n\n\n<h5 class=\"wp-block-heading\"><br>Spiaggia di Vignola Mare<\/h5>\n\n\n\n<div class=\"wp-block-image\"><figure class=\"aligncenter size-large is-resized\"><img loading=\"lazy\" decoding=\"async\" src=\"https:\/\/www.traghettiup.com\/blog\/wp-content\/uploads\/2022\/05\/Spiaggia_Vignola-1024x575.jpg\" alt=\"\" class=\"wp-image-5154\" width=\"960\" height=\"539\" srcset=\"https:\/\/www.traghettiup.com\/blog\/wp-content\/uploads\/2022\/05\/Spiaggia_Vignola-1024x575.jpg 1024w, https:\/\/www.traghettiup.com\/blog\/wp-content\/uploads\/2022\/05\/Spiaggia_Vignola-300x169.jpg 300w, https:\/\/www.traghettiup.com\/blog\/wp-content\/uploads\/2022\/05\/Spiaggia_Vignola-768x431.jpg 768w, https:\/\/www.traghettiup.com\/blog\/wp-content\/uploads\/2022\/05\/Spiaggia_Vignola.jpg 1100w\" sizes=\"auto, (max-width: 960px) 100vw, 960px\" \/><figcaption><strong><em>Spiaggia di Vignola Mare<\/em><\/strong><\/figcaption><\/figure><\/div>\n\n\n\n<p>La spiaggia di Vignola Mare \u00e8 di ghiaia di colore chiaro, tendente al rosa soprattutto sulla battigia, quando \u00e8 bagnata. Arbusti di media taglia lambiscono il litorale liberamente fruibile.<\/p>\n\n\n\n<h5 class=\"wp-block-heading\"><br>Spiaggia di Rena Majore<\/h5>\n\n\n\n<div class=\"wp-block-image\"><figure class=\"aligncenter size-large is-resized\"><img loading=\"lazy\" decoding=\"async\" src=\"https:\/\/www.traghettiup.com\/blog\/wp-content\/uploads\/2022\/05\/Spiaggia_Rena_Majore-1024x691.jpg\" alt=\"\" class=\"wp-image-5162\" width=\"961\" height=\"649\" srcset=\"https:\/\/www.traghettiup.com\/blog\/wp-content\/uploads\/2022\/05\/Spiaggia_Rena_Majore-1024x691.jpg 1024w, https:\/\/www.traghettiup.com\/blog\/wp-content\/uploads\/2022\/05\/Spiaggia_Rena_Majore-300x202.jpg 300w, https:\/\/www.traghettiup.com\/blog\/wp-content\/uploads\/2022\/05\/Spiaggia_Rena_Majore-768x518.jpg 768w, https:\/\/www.traghettiup.com\/blog\/wp-content\/uploads\/2022\/05\/Spiaggia_Rena_Majore-1536x1036.jpg 1536w, https:\/\/www.traghettiup.com\/blog\/wp-content\/uploads\/2022\/05\/Spiaggia_Rena_Majore.jpg 1920w\" sizes=\"auto, (max-width: 961px) 100vw, 961px\" \/><figcaption><strong><em>Spiaggia di Rena Majore<\/em><\/strong><\/figcaption><\/figure><\/div>\n\n\n\n<p>La spiaggia di Rena Majore, interamente godibile liberamente, \u00e8 composta di candida sabbia dai granelli di dimensioni medie. Si pu\u00f2 parcheggiare nelle vicinanze e anche noleggiare pedal\u00f2. Il fondale \u00e8 sabbioso e la pineta retrostante \u00e8 accessibile.<\/p>\n\n\n\n<h4 class=\"wp-block-heading\"><br>Spiagge a Trinit\u00e0 d&#8217;Agultu e Vignola <\/h4>\n\n\n\n<h5 class=\"wp-block-heading\"><br>Spiaggia La Marinedda<\/h5>\n\n\n\n<div class=\"wp-block-image\"><figure class=\"aligncenter size-large is-resized\"><img loading=\"lazy\" decoding=\"async\" src=\"https:\/\/www.traghettiup.com\/blog\/wp-content\/uploads\/2022\/05\/Spiaggia_La_Marinedda-1-1024x683.jpg\" alt=\"\" class=\"wp-image-5167\" width=\"960\" height=\"640\" srcset=\"https:\/\/www.traghettiup.com\/blog\/wp-content\/uploads\/2022\/05\/Spiaggia_La_Marinedda-1-1024x683.jpg 1024w, https:\/\/www.traghettiup.com\/blog\/wp-content\/uploads\/2022\/05\/Spiaggia_La_Marinedda-1-300x200.jpg 300w, https:\/\/www.traghettiup.com\/blog\/wp-content\/uploads\/2022\/05\/Spiaggia_La_Marinedda-1-768x512.jpg 768w, https:\/\/www.traghettiup.com\/blog\/wp-content\/uploads\/2022\/05\/Spiaggia_La_Marinedda-1-1536x1025.jpg 1536w, https:\/\/www.traghettiup.com\/blog\/wp-content\/uploads\/2022\/05\/Spiaggia_La_Marinedda-1.jpg 2000w\" sizes=\"auto, (max-width: 960px) 100vw, 960px\" \/><figcaption><strong><em>Spiaggia La Marinedda<\/em><\/strong><\/figcaption><\/figure><\/div>\n\n\n\n<p>La Marinedda \u00e8 una spiaggia di sabbia dalla fine granulosit\u00e0, bianca e rosa, abbracciata da scogliere di granito rossastro dominate dal verde dei colli. L&#8217;arenile \u00e8 libero, con possibilit\u00e0 di noleggiare attrezzature balneari, kayak, pedal\u00f2 e natanti, oltre che di fare windsurf.<\/p>\n\n\n\n<h5 class=\"wp-block-heading\"><br>Spiaggia di Cala Sarraina<\/h5>\n\n\n\n<div class=\"wp-block-image\"><figure class=\"aligncenter size-full is-resized\"><img loading=\"lazy\" decoding=\"async\" src=\"https:\/\/www.traghettiup.com\/blog\/wp-content\/uploads\/2022\/05\/Spiaggia_Cala_Sarraina.jpg\" alt=\"\" class=\"wp-image-5170\" width=\"960\" height=\"641\" srcset=\"https:\/\/www.traghettiup.com\/blog\/wp-content\/uploads\/2022\/05\/Spiaggia_Cala_Sarraina.jpg 768w, https:\/\/www.traghettiup.com\/blog\/wp-content\/uploads\/2022\/05\/Spiaggia_Cala_Sarraina-300x200.jpg 300w\" sizes=\"auto, (max-width: 960px) 100vw, 960px\" \/><figcaption><strong><em>Spiaggia di Cala Sarraina<\/em><\/strong><\/figcaption><\/figure><\/div>\n\n\n\n<p>La spiaggia di Cala Sarraina \u00e8 sabbiosa, chiara, con granelli di medie dimensioni rosati, tra falesie verdeggianti che si ingentiliscono vicino alla mezzaluna di rena, che \u00e8 completamente libera, con servizi di noleggio di lettini e ombrelloni, pedal\u00f2 e kayak, e bar ristorante.<\/p>\n\n\n\n<h5 class=\"wp-block-heading\"><br>Spiaggia Lunga Isola Rossa<\/h5>\n\n\n\n<div class=\"wp-block-image\"><figure class=\"aligncenter size-full\"><img loading=\"lazy\" decoding=\"async\" width=\"960\" height=\"720\" src=\"https:\/\/www.traghettiup.com\/blog\/wp-content\/uploads\/2022\/05\/Spiaggia_Lunga_Isola_Rossa-1.jpg\" alt=\"\" class=\"wp-image-5177\" srcset=\"https:\/\/www.traghettiup.com\/blog\/wp-content\/uploads\/2022\/05\/Spiaggia_Lunga_Isola_Rossa-1.jpg 960w, https:\/\/www.traghettiup.com\/blog\/wp-content\/uploads\/2022\/05\/Spiaggia_Lunga_Isola_Rossa-1-300x225.jpg 300w, https:\/\/www.traghettiup.com\/blog\/wp-content\/uploads\/2022\/05\/Spiaggia_Lunga_Isola_Rossa-1-768x576.jpg 768w\" sizes=\"auto, (max-width: 960px) 100vw, 960px\" \/><figcaption><strong><em>Spiaggia Lunga<\/em><\/strong> Isola Rossa<\/figcaption><\/figure><\/div>\n\n\n\n<p>La spiaggia Lunga Isola Rossa \u00e8 una distesa, di finissima sabbia bianca, di importante lunghezza, delimitata su un lato da un porticciolo. Il fondale del mare \u00e8 basso, digrada lentamente e all&#8217;inizio per un breve tratto \u00e8 ciottoloso ma in seguito \u00e8 sabbioso. L&#8217;arenile \u00e8 libero, con possibilit\u00e0 di noleggio di attrezzature balneari e ristorante.<\/p>\n\n\n\n<h4 class=\"wp-block-heading\"><br>Spiagge a La Maddalena<\/h4>\n\n\n\n<h5 class=\"wp-block-heading\"><br>Spiaggia di Tegge<\/h5>\n\n\n\n<div class=\"wp-block-image\"><figure class=\"aligncenter size-full\"><img loading=\"lazy\" decoding=\"async\" width=\"960\" height=\"720\" src=\"https:\/\/www.traghettiup.com\/blog\/wp-content\/uploads\/2022\/05\/Spiaggia_Tegge.jpg\" alt=\"\" class=\"wp-image-5185\" srcset=\"https:\/\/www.traghettiup.com\/blog\/wp-content\/uploads\/2022\/05\/Spiaggia_Tegge.jpg 960w, https:\/\/www.traghettiup.com\/blog\/wp-content\/uploads\/2022\/05\/Spiaggia_Tegge-300x225.jpg 300w, https:\/\/www.traghettiup.com\/blog\/wp-content\/uploads\/2022\/05\/Spiaggia_Tegge-768x576.jpg 768w\" sizes=\"auto, (max-width: 960px) 100vw, 960px\" \/><figcaption><strong><em>Spiaggia di Tegge<\/em><\/strong><\/figcaption><\/figure><\/div>\n\n\n\n<p>La spiaggia di Punta Tegge \u00e8 di modeste dimensioni, con sabbia grossolana, rosata, tra scogli granitici pianeggianti ai piedi delle colline rocciose che la delimitano, e fondali scogliosi. Si trovano negli immediati paraggi attivit\u00e0 di noleggio di attrezzature balneari, di ristorazione e diving.<\/p>\n\n\n\n<h5 class=\"wp-block-heading\"><br>Spiaggia di Monti D&#8217;a Rena<\/h5>\n\n\n\n<div class=\"wp-block-image\"><figure class=\"aligncenter size-full\"><img loading=\"lazy\" decoding=\"async\" width=\"960\" height=\"720\" src=\"https:\/\/www.traghettiup.com\/blog\/wp-content\/uploads\/2022\/05\/Spiaggia-di-Monti-Da-Rena.jpg\" alt=\"\" class=\"wp-image-5199\" srcset=\"https:\/\/www.traghettiup.com\/blog\/wp-content\/uploads\/2022\/05\/Spiaggia-di-Monti-Da-Rena.jpg 960w, https:\/\/www.traghettiup.com\/blog\/wp-content\/uploads\/2022\/05\/Spiaggia-di-Monti-Da-Rena-300x225.jpg 300w, https:\/\/www.traghettiup.com\/blog\/wp-content\/uploads\/2022\/05\/Spiaggia-di-Monti-Da-Rena-768x576.jpg 768w\" sizes=\"auto, (max-width: 960px) 100vw, 960px\" \/><figcaption><strong><em>Spiaggia di Monti D&#8217;a Rena<\/em><\/strong><\/figcaption><\/figure><\/div>\n\n\n\n<p>La spiaggia di Monti D&#8217;a Rena \u00e8 di sabbia chiara, quasi rosa, di granelli grossolani e tutta libera, con possibilit\u00e0 di noleggiare pedal\u00f2. Il fondale del mare \u00e8 basso e sabbioso.<\/p>\n\n\n\n<h5 class=\"wp-block-heading\"><br>Spiaggia di Bassa Trinit\u00e0<\/h5>\n\n\n\n<div class=\"wp-block-image\"><figure class=\"aligncenter size-full\"><img loading=\"lazy\" decoding=\"async\" width=\"960\" height=\"540\" src=\"https:\/\/www.traghettiup.com\/blog\/wp-content\/uploads\/2022\/05\/Spiaggia_Bassa_Trinita.jpg\" alt=\"\" class=\"wp-image-5202\" srcset=\"https:\/\/www.traghettiup.com\/blog\/wp-content\/uploads\/2022\/05\/Spiaggia_Bassa_Trinita.jpg 960w, https:\/\/www.traghettiup.com\/blog\/wp-content\/uploads\/2022\/05\/Spiaggia_Bassa_Trinita-300x169.jpg 300w, https:\/\/www.traghettiup.com\/blog\/wp-content\/uploads\/2022\/05\/Spiaggia_Bassa_Trinita-768x432.jpg 768w\" sizes=\"auto, (max-width: 960px) 100vw, 960px\" \/><figcaption><strong><em>Spiaggia di Bassa Trinit\u00e0<\/em><\/strong><\/figcaption><\/figure><\/div>\n\n\n\n<p>La spiaggia di Bassa Trinit\u00e0 \u00e8 formata da soffice e bianca sabbia fina, con scogli dalle forme particolari ai lati e lungo la riva. Brevi e comodi sentieri tra la flora costiera tipicamente mediterranea la collegano al parcheggio. I fondali sono bassi, digradanti e sabbiosi e non ci sono stabilimenti balneari ma chioschi bar.<\/p>\n\n\n\n<h5 class=\"wp-block-heading\"><br>Spiaggia di Porto Lungo<\/h5>\n\n\n\n<div class=\"wp-block-image\"><figure class=\"aligncenter size-full\"><img loading=\"lazy\" decoding=\"async\" width=\"960\" height=\"547\" src=\"https:\/\/www.traghettiup.com\/blog\/wp-content\/uploads\/2022\/05\/Spiaggia_Porto_Lungo.jpg\" alt=\"\" class=\"wp-image-5207\" srcset=\"https:\/\/www.traghettiup.com\/blog\/wp-content\/uploads\/2022\/05\/Spiaggia_Porto_Lungo.jpg 960w, https:\/\/www.traghettiup.com\/blog\/wp-content\/uploads\/2022\/05\/Spiaggia_Porto_Lungo-300x171.jpg 300w, https:\/\/www.traghettiup.com\/blog\/wp-content\/uploads\/2022\/05\/Spiaggia_Porto_Lungo-768x438.jpg 768w\" sizes=\"auto, (max-width: 960px) 100vw, 960px\" \/><figcaption><strong><em>Spiaggia di Porto Lungo<\/em><\/strong><\/figcaption><\/figure><\/div>\n\n\n\n<p>Nella baia di Porto Lungo o Cala Lunga, dove \u00e8 situato Porto Massimo, c&#8217;\u00e8 una piccola spiaggia di sabbia fina a un&#8217;estremit\u00e0 del litorale, in un contesto caratterizzato dalla vegetazione arbustiva, totalmente libera e priva di servizi.<\/p>\n\n\n\n<h5 class=\"wp-block-heading\"><br>Spiaggia di Spalmatore<\/h5>\n\n\n\n<div class=\"wp-block-image\"><figure class=\"aligncenter size-full\"><img loading=\"lazy\" decoding=\"async\" width=\"960\" height=\"720\" src=\"https:\/\/www.traghettiup.com\/blog\/wp-content\/uploads\/2022\/05\/Spiaggia_Spalmatore.jpg\" alt=\"\" class=\"wp-image-5213\" srcset=\"https:\/\/www.traghettiup.com\/blog\/wp-content\/uploads\/2022\/05\/Spiaggia_Spalmatore.jpg 960w, https:\/\/www.traghettiup.com\/blog\/wp-content\/uploads\/2022\/05\/Spiaggia_Spalmatore-300x225.jpg 300w, https:\/\/www.traghettiup.com\/blog\/wp-content\/uploads\/2022\/05\/Spiaggia_Spalmatore-768x576.jpg 768w\" sizes=\"auto, (max-width: 960px) 100vw, 960px\" \/><figcaption><strong><em>Spiagga di Spalmatore<\/em><\/strong><\/figcaption><\/figure><\/div>\n\n\n\n<p>A Cala Spalmatore c&#8217;\u00e8 questa piccola spiaggia protetta, anche dai venti, da colli di rocce, composta di sabbia grossolana bianco-rossastra, con fondali bassi e digradanti. Sia libera che attrezzata, presenta anche i servizi di ristorazione e noleggio di kayak e pedal\u00f2.<\/p>\n\n\n\n<h5 class=\"wp-block-heading\"><br>Spiaggia del Relitto (Isola di Caprera)<\/h5>\n\n\n\n<div class=\"wp-block-image\"><figure class=\"aligncenter size-full\"><img loading=\"lazy\" decoding=\"async\" width=\"960\" height=\"540\" src=\"https:\/\/www.traghettiup.com\/blog\/wp-content\/uploads\/2022\/05\/Spiaggia_Relitto.jpg\" alt=\"\" class=\"wp-image-5216\" srcset=\"https:\/\/www.traghettiup.com\/blog\/wp-content\/uploads\/2022\/05\/Spiaggia_Relitto.jpg 960w, https:\/\/www.traghettiup.com\/blog\/wp-content\/uploads\/2022\/05\/Spiaggia_Relitto-300x169.jpg 300w, https:\/\/www.traghettiup.com\/blog\/wp-content\/uploads\/2022\/05\/Spiaggia_Relitto-768x432.jpg 768w\" sizes=\"auto, (max-width: 960px) 100vw, 960px\" \/><figcaption><strong><em>Spiaggia del Relitto<\/em><\/strong><\/figcaption><\/figure><\/div>\n\n\n\n<p>La spiaggia del Relitto a Caprera \u00e8 di finissima e chiara sabbia biancastra, di modeste dimensioni e liberamente godibile. Poco distante dalla riva \u00e8 presente il relitto di una nave mercantile. Lussureggianti arbusti dominano il paesaggio.<\/p>\n\n\n\n<h5 class=\"wp-block-heading\"><br>Spiaggia I Due Mari (Isola di Caprera)<\/h5>\n\n\n\n<div class=\"wp-block-image\"><figure class=\"aligncenter size-full\"><img loading=\"lazy\" decoding=\"async\" width=\"960\" height=\"540\" src=\"https:\/\/www.traghettiup.com\/blog\/wp-content\/uploads\/2022\/05\/Spiaggia_Due_Mari.jpg\" alt=\"\" class=\"wp-image-5219\" srcset=\"https:\/\/www.traghettiup.com\/blog\/wp-content\/uploads\/2022\/05\/Spiaggia_Due_Mari.jpg 960w, https:\/\/www.traghettiup.com\/blog\/wp-content\/uploads\/2022\/05\/Spiaggia_Due_Mari-300x169.jpg 300w, https:\/\/www.traghettiup.com\/blog\/wp-content\/uploads\/2022\/05\/Spiaggia_Due_Mari-768x432.jpg 768w\" sizes=\"auto, (max-width: 960px) 100vw, 960px\" \/><figcaption><strong><em>Spiaggia I Due Mari<\/em><\/strong><\/figcaption><\/figure><\/div>\n\n\n\n<p>I Due Mari \u00e8 una piccola spiaggia di Caprera con granelli di sabbia fine e candida, e bassi fondali che digradano molto dolcemente. Situata a Cala Caprese, la rena \u00e8 cinta da colline basse e piene di folti cespugli, ed \u00e8 sia libera che con stabilimento balneare, servita anche da un chiosco bar e un parcheggio.<\/p>\n\n\n\n<h5 class=\"wp-block-heading\"><br>Spiaggia di Carlotto (Punta Nido d&#8217;Aquila)<\/h5>\n\n\n\n<div class=\"wp-block-image\"><figure class=\"aligncenter size-full is-resized\"><img loading=\"lazy\" decoding=\"async\" src=\"https:\/\/www.traghettiup.com\/blog\/wp-content\/uploads\/2022\/05\/Spiaggia_Carlotto.jpg\" alt=\"\" class=\"wp-image-5225\" width=\"960\" height=\"716\" srcset=\"https:\/\/www.traghettiup.com\/blog\/wp-content\/uploads\/2022\/05\/Spiaggia_Carlotto.jpg 720w, https:\/\/www.traghettiup.com\/blog\/wp-content\/uploads\/2022\/05\/Spiaggia_Carlotto-300x224.jpg 300w\" sizes=\"auto, (max-width: 960px) 100vw, 960px\" \/><figcaption><strong><em>Spiaggia di Carlotto<\/em><\/strong><\/figcaption><\/figure><\/div>\n\n\n\n<p>Sull&#8217;isola della Maddalena, a Cala Carlotto, delimitata da Punta Nido d&#8217;Aquila, c&#8217;\u00e8 una piccola spiaggia sabbiosa con granelli di media grandezza, abbracciata da rocce e scogli e, posteriormente, dalla selvaggia vegetazione che nasconde la terra granitica.<\/p>\n\n\n\n<h4 class=\"wp-block-heading\"><br>Spiagge a Palau<\/h4>\n\n\n\n<h5 class=\"wp-block-heading\"><br>Spiaggia di Palau Vecchio<\/h5>\n\n\n\n<div class=\"wp-block-image\"><figure class=\"aligncenter size-large is-resized\"><img loading=\"lazy\" decoding=\"async\" src=\"https:\/\/www.traghettiup.com\/blog\/wp-content\/uploads\/2022\/05\/Spiaggia_Palau_Vecchio-1024x683.jpg\" alt=\"\" class=\"wp-image-5233\" width=\"961\" height=\"640\" srcset=\"https:\/\/www.traghettiup.com\/blog\/wp-content\/uploads\/2022\/05\/Spiaggia_Palau_Vecchio-1024x683.jpg 1024w, https:\/\/www.traghettiup.com\/blog\/wp-content\/uploads\/2022\/05\/Spiaggia_Palau_Vecchio-300x200.jpg 300w, https:\/\/www.traghettiup.com\/blog\/wp-content\/uploads\/2022\/05\/Spiaggia_Palau_Vecchio-768x512.jpg 768w, https:\/\/www.traghettiup.com\/blog\/wp-content\/uploads\/2022\/05\/Spiaggia_Palau_Vecchio.jpg 1500w\" sizes=\"auto, (max-width: 961px) 100vw, 961px\" \/><figcaption><strong><em>Spiaggia di Palau Vecchio<\/em><\/strong><\/figcaption><\/figure><\/div>\n\n\n\n<p>La spiaggetta di Palau Vecchio, a brevissima distanza dal centro, \u00e8 di sabbia fina e dorata, con alle spalle un percorso per le passeggiate e una pineta accessibile. Sono presenti bar e il parcheggio \u00e8 gratuito. <\/p>\n\n\n\n<h5 class=\"wp-block-heading\"><br>Spiaggia L&#8217;Isolotto<\/h5>\n\n\n\n<div class=\"wp-block-image\"><figure class=\"aligncenter size-full is-resized\"><img loading=\"lazy\" decoding=\"async\" src=\"https:\/\/www.traghettiup.com\/blog\/wp-content\/uploads\/2022\/05\/Spiaggia_L_Isolotto.jpg\" alt=\"\" class=\"wp-image-5239\" width=\"961\" height=\"641\" srcset=\"https:\/\/www.traghettiup.com\/blog\/wp-content\/uploads\/2022\/05\/Spiaggia_L_Isolotto.jpg 572w, https:\/\/www.traghettiup.com\/blog\/wp-content\/uploads\/2022\/05\/Spiaggia_L_Isolotto-300x200.jpg 300w\" sizes=\"auto, (max-width: 961px) 100vw, 961px\" \/><figcaption><strong><em>Spiaggia L&#8217;Isolotto<\/em><\/strong><\/figcaption><\/figure><\/div>\n\n\n\n<p>La spiaggetta L&#8217;Isolotto \u00e8 ubicata nel centro di Palau, tra scogliere, abitazioni poco distanti e macchia mediterranea. Non lontano dal porto turistico, un sentiero sterrato e pianeggiante conduce alla sabbia fina e bianca della comoda spiaggia.<\/p>\n\n\n\n<h4 class=\"wp-block-heading\"><br>Spiagge a Budoni<\/h4>\n\n\n\n<h5 class=\"wp-block-heading\"><br>Spiaggia della Baia di Budoni<\/h5>\n\n\n\n<div class=\"wp-block-image\"><figure class=\"aligncenter size-full\"><img loading=\"lazy\" decoding=\"async\" width=\"960\" height=\"720\" src=\"https:\/\/www.traghettiup.com\/blog\/wp-content\/uploads\/2022\/05\/Spiaggia_Baia_Budoni.jpg\" alt=\"\" class=\"wp-image-5247\" srcset=\"https:\/\/www.traghettiup.com\/blog\/wp-content\/uploads\/2022\/05\/Spiaggia_Baia_Budoni.jpg 960w, https:\/\/www.traghettiup.com\/blog\/wp-content\/uploads\/2022\/05\/Spiaggia_Baia_Budoni-300x225.jpg 300w, https:\/\/www.traghettiup.com\/blog\/wp-content\/uploads\/2022\/05\/Spiaggia_Baia_Budoni-768x576.jpg 768w\" sizes=\"auto, (max-width: 960px) 100vw, 960px\" \/><figcaption><strong><em>Spiaggia Baia di Budoni<\/em><\/strong><\/figcaption><\/figure><\/div>\n\n\n\n<p>Nella baia di Budoni c&#8217;\u00e8 questa spiaggia di sabbia fina e bianchissima con una rigogliosa pineta alle spalle. Si trova in prossimit\u00e0 del centro abitato e dispone di tutti i comfort, oltre che presentare lunghi tratti liberi.<\/p>\n\n\n<style>.elementor-627 .elementor-element.elementor-element-73fe466a > .elementor-container > .elementor-column > .elementor-widget-wrap{align-content:center;align-items:center;}.elementor-627 .elementor-element.elementor-element-73fe466a:not(.elementor-motion-effects-element-type-background), .elementor-627 .elementor-element.elementor-element-73fe466a > .elementor-motion-effects-container > .elementor-motion-effects-layer{background-color:#FFE37E;}.elementor-627 .elementor-element.elementor-element-73fe466a, .elementor-627 .elementor-element.elementor-element-73fe466a > .elementor-background-overlay{border-radius:5px 5px 5px 5px;}.elementor-627 .elementor-element.elementor-element-73fe466a{transition:background 0.3s, border 0.3s, border-radius 0.3s, box-shadow 0.3s;margin-top:40px;margin-bottom:0px;padding:60px 0px 80px 0px;}.elementor-627 .elementor-element.elementor-element-73fe466a > .elementor-background-overlay{transition:background 0.3s, border-radius 0.3s, opacity 0.3s;}.elementor-627 .elementor-element.elementor-element-4c5a4c19 > .elementor-element-populated, .elementor-627 .elementor-element.elementor-element-4c5a4c19 > .elementor-element-populated > .elementor-background-overlay, .elementor-627 .elementor-element.elementor-element-4c5a4c19 > .elementor-background-slideshow{border-radius:5px 5px 5px 5px;}.elementor-627 .elementor-element.elementor-element-5e651bbf{text-align:center;}.elementor-627 .elementor-element.elementor-element-5e651bbf .elementor-heading-title{color:var( --e-global-color-d7bd849 );font-size:50px;font-weight:600;}.elementor-627 .elementor-element.elementor-element-67c90ba2 .elementor-button{font-size:14px;font-weight:600;text-transform:uppercase;fill:var( --e-global-color-d7bd849 );color:var( --e-global-color-d7bd849 );background-color:#ffffff;border-radius:5px 5px 5px 5px;padding:15px 45px 15px 45px;}.elementor-627 .elementor-element.elementor-element-67c90ba2 .elementor-button:hover, .elementor-627 .elementor-element.elementor-element-67c90ba2 .elementor-button:focus{color:#ffffff;background-color:var( --e-global-color-d7bd849 );}.elementor-627 .elementor-element.elementor-element-67c90ba2 .elementor-button:hover svg, .elementor-627 .elementor-element.elementor-element-67c90ba2 .elementor-button:focus svg{fill:#ffffff;}.elementor-627 .elementor-element.elementor-element-67c90ba2 > .elementor-widget-container{padding:14px 0px 0px 0px;}@media(max-width:1024px){.elementor-627 .elementor-element.elementor-element-73fe466a{padding:100px 25px 100px 25px;}}@media(max-width:767px){.elementor-627 .elementor-element.elementor-element-73fe466a{padding:50px 20px 50px 20px;}.elementor-627 .elementor-element.elementor-element-5e651bbf .elementor-heading-title{font-size:55px;}}<\/style>\t\t<div data-elementor-type=\"section\" data-elementor-id=\"627\" class=\"elementor elementor-627\" data-elementor-post-type=\"elementor_library\">\n\t\t\t\t\t\t\t\t<section class=\"elementor-section elementor-top-section elementor-element elementor-element-73fe466a elementor-section-content-middle elementor-section-boxed elementor-section-height-default elementor-section-height-default\" data-id=\"73fe466a\" data-element_type=\"section\" data-settings=\"{&quot;background_background&quot;:&quot;classic&quot;,&quot;shape_divider_top&quot;:&quot;mountains&quot;}\">\n\t\t\t\t\t<div class=\"elementor-shape elementor-shape-top\" data-negative=\"false\">\n\t\t\t<svg xmlns=\"http:\/\/www.w3.org\/2000\/svg\" viewBox=\"0 0 1000 100\" preserveAspectRatio=\"none\">\n\t<path class=\"elementor-shape-fill\" opacity=\"0.33\" d=\"M473,67.3c-203.9,88.3-263.1-34-320.3,0C66,119.1,0,59.7,0,59.7V0h1000v59.7 c0,0-62.1,26.1-94.9,29.3c-32.8,3.3-62.8-12.3-75.8-22.1C806,49.6,745.3,8.7,694.9,4.7S492.4,59,473,67.3z\"\/>\n\t<path class=\"elementor-shape-fill\" opacity=\"0.66\" d=\"M734,67.3c-45.5,0-77.2-23.2-129.1-39.1c-28.6-8.7-150.3-10.1-254,39.1 s-91.7-34.4-149.2,0C115.7,118.3,0,39.8,0,39.8V0h1000v36.5c0,0-28.2-18.5-92.1-18.5C810.2,18.1,775.7,67.3,734,67.3z\"\/>\n\t<path class=\"elementor-shape-fill\" d=\"M766.1,28.9c-200-57.5-266,65.5-395.1,19.5C242,1.8,242,5.4,184.8,20.6C128,35.8,132.3,44.9,89.9,52.5C28.6,63.7,0,0,0,0 h1000c0,0-9.9,40.9-83.6,48.1S829.6,47,766.1,28.9z\"\/>\n<\/svg>\t\t<\/div>\n\t\t\t\t\t<div class=\"elementor-container elementor-column-gap-no\">\n\t\t\t\t\t<div class=\"elementor-column elementor-col-100 elementor-top-column elementor-element elementor-element-4c5a4c19\" data-id=\"4c5a4c19\" data-element_type=\"column\">\n\t\t\t<div class=\"elementor-widget-wrap elementor-element-populated\">\n\t\t\t\t\t\t\t\t<div class=\"elementor-element elementor-element-5e651bbf elementor-widget elementor-widget-heading\" data-id=\"5e651bbf\" data-element_type=\"widget\" data-widget_type=\"heading.default\">\n\t\t\t\t<div class=\"elementor-widget-container\">\n\t\t\t<style>\/*! elementor - v3.17.0 - 08-11-2023 *\/\n.elementor-heading-title{padding:0;margin:0;line-height:1}.elementor-widget-heading .elementor-heading-title[class*=elementor-size-]>a{color:inherit;font-size:inherit;line-height:inherit}.elementor-widget-heading .elementor-heading-title.elementor-size-small{font-size:15px}.elementor-widget-heading .elementor-heading-title.elementor-size-medium{font-size:19px}.elementor-widget-heading .elementor-heading-title.elementor-size-large{font-size:29px}.elementor-widget-heading .elementor-heading-title.elementor-size-xl{font-size:39px}.elementor-widget-heading .elementor-heading-title.elementor-size-xxl{font-size:59px}<\/style><h2 class=\"elementor-heading-title elementor-size-default\">Prenota un traghetto<\/h2>\t\t<\/div>\n\t\t\t\t<\/div>\n\t\t\t\t<div class=\"elementor-element elementor-element-67c90ba2 elementor-align-center elementor-widget elementor-widget-button\" data-id=\"67c90ba2\" data-element_type=\"widget\" data-widget_type=\"button.default\">\n\t\t\t\t<div class=\"elementor-widget-container\">\n\t\t\t\t\t<div class=\"elementor-button-wrapper\">\n\t\t\t<a class=\"elementor-button elementor-button-link elementor-size-sm elementor-animation-grow\" href=\"\/\">\n\t\t\t\t\t\t<span class=\"elementor-button-content-wrapper\">\n\t\t\t\t\t\t<span class=\"elementor-button-text\">Cerca e compara orari e prezzi<\/span>\n\t\t<\/span>\n\t\t\t\t\t<\/a>\n\t\t<\/div>\n\t\t\t\t<\/div>\n\t\t\t\t<\/div>\n\t\t\t\t\t<\/div>\n\t\t<\/div>\n\t\t\t\t\t\t\t<\/div>\n\t\t<\/section>\n\t\t\t\t\t\t<\/div>\n\t\t\n\n\n<h3 class=\"wp-block-heading\"><br>Bandiere Blu 2022 della Provincia di Oristano<\/h3>\n\n\n\n<h4 class=\"wp-block-heading\"><br>Spiagge a Oristano<\/h4>\n\n\n\n<h5 class=\"wp-block-heading\"><br>Spiaggia di Torregrande<\/h5>\n\n\n\n<div class=\"wp-block-image\"><figure class=\"aligncenter size-full\"><img loading=\"lazy\" decoding=\"async\" width=\"960\" height=\"720\" src=\"https:\/\/www.traghettiup.com\/blog\/wp-content\/uploads\/2022\/05\/Spiaggia_Torregrande.jpg\" alt=\"\" class=\"wp-image-5251\" srcset=\"https:\/\/www.traghettiup.com\/blog\/wp-content\/uploads\/2022\/05\/Spiaggia_Torregrande.jpg 960w, https:\/\/www.traghettiup.com\/blog\/wp-content\/uploads\/2022\/05\/Spiaggia_Torregrande-300x225.jpg 300w, https:\/\/www.traghettiup.com\/blog\/wp-content\/uploads\/2022\/05\/Spiaggia_Torregrande-768x576.jpg 768w\" sizes=\"auto, (max-width: 960px) 100vw, 960px\" \/><figcaption><strong><em>Spiaggia di Torregrande<\/em><\/strong><\/figcaption><\/figure><\/div>\n\n\n\n<p>La spiaggia di Torregrande \u00e8 composta da sabbia dorata con granelli grossolani, con fondali che diventano profondi a pochi metri dalla riva. L&#8217;arenile \u00e8 fiancheggiato dal lungomare della Marina di Torregrande, dove sono presenti servizi di ristorazione e quant&#8217;altro, ed \u00e8 sia libero che attrezzato.<\/p>\n\n\n\n<h3 class=\"wp-block-heading\"><br>Bandiere Blu 2022 della Provincia di Nuoro<\/h3>\n\n\n\n<h4 class=\"wp-block-heading\"><br>Spiagge a Tortol\u00ec<\/h4>\n\n\n\n<h5 class=\"wp-block-heading\"><br>Lido di Cea<\/h5>\n\n\n\n<div class=\"wp-block-image\"><figure class=\"aligncenter size-full\"><img loading=\"lazy\" decoding=\"async\" width=\"960\" height=\"720\" src=\"https:\/\/www.traghettiup.com\/blog\/wp-content\/uploads\/2022\/05\/Lido_Cea.jpg\" alt=\"\" class=\"wp-image-5253\" srcset=\"https:\/\/www.traghettiup.com\/blog\/wp-content\/uploads\/2022\/05\/Lido_Cea.jpg 960w, https:\/\/www.traghettiup.com\/blog\/wp-content\/uploads\/2022\/05\/Lido_Cea-300x225.jpg 300w, https:\/\/www.traghettiup.com\/blog\/wp-content\/uploads\/2022\/05\/Lido_Cea-768x576.jpg 768w\" sizes=\"auto, (max-width: 960px) 100vw, 960px\" \/><figcaption><strong><em>Lido di Cea<\/em><\/strong><\/figcaption><\/figure><\/div>\n\n\n\n<p>Il Lido di Cea \u00e8 una spiaggia libera di sabbia bianca e fine, dove \u00e8 possibile noleggiare sedie a sdraio, lettini e ombrelloni. Sono presenti anche bar e parcheggio.<em> Is Scoglius Arrubius<\/em> (gli scogli rossi) si trovano non distanti dalla riva e, alle spalle, si stagliano file serrate di arbusti verdeggianti.<\/p>\n\n\n\n<h5 class=\"wp-block-heading\"><br>Lido di Orr\u00ec (I e II Spiaggia)<\/h5>\n\n\n\n<div class=\"wp-block-image\"><figure class=\"aligncenter size-full\"><img loading=\"lazy\" decoding=\"async\" width=\"960\" height=\"720\" src=\"https:\/\/www.traghettiup.com\/blog\/wp-content\/uploads\/2022\/05\/Lido_Orri.jpg\" alt=\"\" class=\"wp-image-5256\" srcset=\"https:\/\/www.traghettiup.com\/blog\/wp-content\/uploads\/2022\/05\/Lido_Orri.jpg 960w, https:\/\/www.traghettiup.com\/blog\/wp-content\/uploads\/2022\/05\/Lido_Orri-300x225.jpg 300w, https:\/\/www.traghettiup.com\/blog\/wp-content\/uploads\/2022\/05\/Lido_Orri-768x576.jpg 768w\" sizes=\"auto, (max-width: 960px) 100vw, 960px\" \/><figcaption><strong><em>Lido di Orr\u00ec<\/em><\/strong><\/figcaption><\/figure><\/div>\n\n\n\n<p>La prima e la seconda spiaggia del lunghissimo Lido di Orr\u00ec sono di sabbia fina e rosata; i fondali sono bassi per molti metri dalla riva. Ci sono stabilimenti balneari e tratti liberi.<\/p>\n\n\n\n<h5 class=\"wp-block-heading\"><br>Spiaggia di Mux\u00ec (Il Golfetto)<\/h5>\n\n\n\n<div class=\"wp-block-image\"><figure class=\"aligncenter size-full is-resized\"><img loading=\"lazy\" decoding=\"async\" src=\"https:\/\/www.traghettiup.com\/blog\/wp-content\/uploads\/2022\/05\/Spiaggia_Il_Golfetto.jpg\" alt=\"\" class=\"wp-image-5266\" width=\"962\" height=\"721\" srcset=\"https:\/\/www.traghettiup.com\/blog\/wp-content\/uploads\/2022\/05\/Spiaggia_Il_Golfetto.jpg 720w, https:\/\/www.traghettiup.com\/blog\/wp-content\/uploads\/2022\/05\/Spiaggia_Il_Golfetto-300x225.jpg 300w\" sizes=\"auto, (max-width: 962px) 100vw, 962px\" \/><figcaption><strong><em>Spiaggia Il Golfetto<\/em><\/strong><\/figcaption><\/figure><\/div>\n\n\n\n<p>A Mux\u00ec (meglio nota come il Golfetto di Orr\u00ec), c&#8217;\u00e8 la piccola spiaggia chiamata Il Golfetto, di finissima sabbia bianca, circondata dalla folta vegetazione, libera e con servizi di ristorazione.<\/p>\n\n\n\n<h5 class=\"wp-block-heading\"><br>Spiaggia di Orr\u00ec Foxilioni<\/h5>\n\n\n\n<div class=\"wp-block-image\"><figure class=\"aligncenter size-full\"><img loading=\"lazy\" decoding=\"async\" width=\"960\" height=\"720\" src=\"https:\/\/www.traghettiup.com\/blog\/wp-content\/uploads\/2022\/05\/Spiaggia_Foxilioni.jpg\" alt=\"\" class=\"wp-image-5272\" srcset=\"https:\/\/www.traghettiup.com\/blog\/wp-content\/uploads\/2022\/05\/Spiaggia_Foxilioni.jpg 960w, https:\/\/www.traghettiup.com\/blog\/wp-content\/uploads\/2022\/05\/Spiaggia_Foxilioni-300x225.jpg 300w, https:\/\/www.traghettiup.com\/blog\/wp-content\/uploads\/2022\/05\/Spiaggia_Foxilioni-768x576.jpg 768w\" sizes=\"auto, (max-width: 960px) 100vw, 960px\" \/><figcaption><strong><em>Spiaggia di Foxilioni<\/em><\/strong><\/figcaption><\/figure><\/div>\n\n\n\n<p>Sulla spiaggia di Orr\u00ec c&#8217;\u00e8 l&#8217;area attrezzata Foxilioni, con stabilimento balneare, noleggio pedal\u00f2 e kayak, bar e ristorante, area verde con noleggio barbecue e parcheggio. La sabbia \u00e8 fina e chiara.<\/p>\n\n\n\n<h5 class=\"wp-block-heading\"><br>Spiaggia di Ponente (La Capannina)<\/h5>\n\n\n\n<div class=\"wp-block-image\"><figure class=\"aligncenter size-full is-resized\"><img loading=\"lazy\" decoding=\"async\" src=\"https:\/\/www.traghettiup.com\/blog\/wp-content\/uploads\/2022\/05\/Spiaggia_Ponente.jpg\" alt=\"\" class=\"wp-image-5274\" width=\"960\" height=\"713\" srcset=\"https:\/\/www.traghettiup.com\/blog\/wp-content\/uploads\/2022\/05\/Spiaggia_Ponente.jpg 717w, https:\/\/www.traghettiup.com\/blog\/wp-content\/uploads\/2022\/05\/Spiaggia_Ponente-300x223.jpg 300w\" sizes=\"auto, (max-width: 960px) 100vw, 960px\" \/><figcaption><strong><em>Spiaggia di Ponente<\/em><\/strong><\/figcaption><\/figure><\/div>\n\n\n\n<p>La spiaggia di Ponente, nota anche come La Capannina per il nome del ristorante di pesce fresco presente, \u00e8 libera, di sabbia chiara con granelli di medie dimensioni.<\/p>\n\n\n\n<h5 class=\"wp-block-heading\"><br>Spiaggia di Porto Frailis<\/h5>\n\n\n\n<div class=\"wp-block-image\"><figure class=\"aligncenter size-full\"><img loading=\"lazy\" decoding=\"async\" width=\"959\" height=\"717\" src=\"https:\/\/www.traghettiup.com\/blog\/wp-content\/uploads\/2022\/05\/Spiaggia_Porto_Frailis.jpg\" alt=\"\" class=\"wp-image-5279\" srcset=\"https:\/\/www.traghettiup.com\/blog\/wp-content\/uploads\/2022\/05\/Spiaggia_Porto_Frailis.jpg 959w, https:\/\/www.traghettiup.com\/blog\/wp-content\/uploads\/2022\/05\/Spiaggia_Porto_Frailis-300x224.jpg 300w, https:\/\/www.traghettiup.com\/blog\/wp-content\/uploads\/2022\/05\/Spiaggia_Porto_Frailis-768x574.jpg 768w\" sizes=\"auto, (max-width: 959px) 100vw, 959px\" \/><figcaption><strong><em>Spiaggia di Porto Frailis<\/em><\/strong><\/figcaption><\/figure><\/div>\n\n\n\n<p>La spiaggia di Porto Frailis si trova vicino al centro di Arbatax ed \u00e8 sia libera che attrezzata. La sabbia, con granelli di dimensioni medie, \u00e8 nella parte centrale dell&#8217;arenile, mentre lateralmente ci sono ghiaia, ciottoli e scogli. Nelle immediate vicinanze insistono molte strutture ricettive.<\/p>\n\n\n\n<h5 class=\"wp-block-heading\"><br>Spiaggia di San Gemiliano<\/h5>\n\n\n\n<div class=\"wp-block-image\"><figure class=\"aligncenter size-large\"><img loading=\"lazy\" decoding=\"async\" width=\"1024\" height=\"768\" src=\"https:\/\/www.traghettiup.com\/blog\/wp-content\/uploads\/2022\/05\/Spiaggia_San_Gemiliano-1024x768.jpg\" alt=\"\" class=\"wp-image-5283\" srcset=\"https:\/\/www.traghettiup.com\/blog\/wp-content\/uploads\/2022\/05\/Spiaggia_San_Gemiliano-1024x768.jpg 1024w, https:\/\/www.traghettiup.com\/blog\/wp-content\/uploads\/2022\/05\/Spiaggia_San_Gemiliano-300x225.jpg 300w, https:\/\/www.traghettiup.com\/blog\/wp-content\/uploads\/2022\/05\/Spiaggia_San_Gemiliano-768x576.jpg 768w, https:\/\/www.traghettiup.com\/blog\/wp-content\/uploads\/2022\/05\/Spiaggia_San_Gemiliano.jpg 1200w\" sizes=\"auto, (max-width: 1024px) 100vw, 1024px\" \/><figcaption><strong><em>Spiaggia di San Gemiliano<\/em><\/strong><\/figcaption><\/figure><\/div>\n\n\n\n<p>La spiaggia di San Gemiliano \u00e8 di grandezza notevole, con sabbia dorata di granelli grossolani e fondali digradanti. Ci sono servizi di ogni genere e si trova nei pressi del villaggio turistico Baia del Saraceno.<\/p>\n\n\n\n<h4 class=\"wp-block-heading\"><br>Spiagge a Bari Sardo<\/h4>\n\n\n\n<h5 class=\"wp-block-heading\"><br>Spiagge di Bucca &#8216;e Strumpu \/ Torre di Bar\u00ec \/ Sa Marina<\/h5>\n\n\n\n<div class=\"wp-block-image\"><figure class=\"aligncenter size-full\"><img loading=\"lazy\" decoding=\"async\" width=\"960\" height=\"720\" src=\"https:\/\/www.traghettiup.com\/blog\/wp-content\/uploads\/2022\/05\/Spiagge_Ogliastra.jpg\" alt=\"\" class=\"wp-image-5289\" srcset=\"https:\/\/www.traghettiup.com\/blog\/wp-content\/uploads\/2022\/05\/Spiagge_Ogliastra.jpg 960w, https:\/\/www.traghettiup.com\/blog\/wp-content\/uploads\/2022\/05\/Spiagge_Ogliastra-300x225.jpg 300w, https:\/\/www.traghettiup.com\/blog\/wp-content\/uploads\/2022\/05\/Spiagge_Ogliastra-768x576.jpg 768w\" sizes=\"auto, (max-width: 960px) 100vw, 960px\" \/><figcaption><strong><em>Spiaggia dell&#8217;Ogliastra<\/em><\/strong><\/figcaption><\/figure><\/div>\n\n\n\n<p>Le spiagge di Bucca &#8216;e Strumpu, Torre di Bar\u00ec e Sa Marina si trovano una dietro l&#8217;altra, con tratti liberi e tratti in concessione. La prima, di sabbia chiara, \u00e8 lunga circa un chilometro, di sabbia dorata di granelli medio-grandi; la seconda, con l&#8217;antica torre spagnola di difesa a met\u00e0 degli otto chilometri di arenile, \u00e8 di ghiaia; la terza \u00e8 di piccoli ciottoli levigati. Insomma, \u00e8 tutta la costa dell&#8217;Ogliastra a poter vantare un mare incontaminato.<\/p>\n\n\n\n<h3 class=\"wp-block-heading\"><br>Bandiere Blu 2022 della Provincia di Cagliari<\/h3>\n\n\n\n<h4 class=\"wp-block-heading\"><br>Spiagge a Quartu Sant&#8217;Elena<\/h4>\n\n\n\n<h5 class=\"wp-block-heading\"><br>Spiaggia di Mare Pintau<\/h5>\n\n\n\n<div class=\"wp-block-image\"><figure class=\"aligncenter size-full\"><img loading=\"lazy\" decoding=\"async\" width=\"960\" height=\"720\" src=\"https:\/\/www.traghettiup.com\/blog\/wp-content\/uploads\/2022\/05\/Spiaggia_Mari_Pintau.jpg\" alt=\"\" class=\"wp-image-5294\" srcset=\"https:\/\/www.traghettiup.com\/blog\/wp-content\/uploads\/2022\/05\/Spiaggia_Mari_Pintau.jpg 960w, https:\/\/www.traghettiup.com\/blog\/wp-content\/uploads\/2022\/05\/Spiaggia_Mari_Pintau-300x225.jpg 300w, https:\/\/www.traghettiup.com\/blog\/wp-content\/uploads\/2022\/05\/Spiaggia_Mari_Pintau-768x576.jpg 768w\" sizes=\"auto, (max-width: 960px) 100vw, 960px\" \/><figcaption><strong><em>Spiaggia di Mari Pintau<\/em><\/strong><\/figcaption><\/figure><\/div>\n\n\n\n<p>La spiaggia di Mare Pintau \u00e8 di sabbia mista a ghiaia e a ciottoli. Sono presenti bar e servizi di noleggio di attrezzature balneari e, posteriormente, una pineta accessibile.<\/p>\n\n\n\n<h5 class=\"wp-block-heading\"><br>Spiaggia del Poetto<\/h5>\n\n\n\n<div class=\"wp-block-image\"><figure class=\"aligncenter size-full\"><img loading=\"lazy\" decoding=\"async\" width=\"960\" height=\"720\" src=\"https:\/\/www.traghettiup.com\/blog\/wp-content\/uploads\/2022\/05\/Spiaggia_Poetto.jpg\" alt=\"\" class=\"wp-image-5299\" srcset=\"https:\/\/www.traghettiup.com\/blog\/wp-content\/uploads\/2022\/05\/Spiaggia_Poetto.jpg 960w, https:\/\/www.traghettiup.com\/blog\/wp-content\/uploads\/2022\/05\/Spiaggia_Poetto-300x225.jpg 300w, https:\/\/www.traghettiup.com\/blog\/wp-content\/uploads\/2022\/05\/Spiaggia_Poetto-768x576.jpg 768w\" sizes=\"auto, (max-width: 960px) 100vw, 960px\" \/><figcaption><strong><em>Spiaggia del Poetto<\/em><\/strong><\/figcaption><\/figure><\/div>\n\n\n\n<p>La spiaggia del Poetto, a tratti libera e a tratti attrezzata, \u00e8 situata a pochi passi dal centro di Cagliari. Di sabbia chiara e media, presenta fondali bassi e digradanti e lungo i suoi otto chilometri offre tutti i servizi possibili e immaginabili, comprese aree per cani e noleggio di attrezzature, e scuole, di sport acquatici.<\/p>\n\n\n\n<h3 class=\"wp-block-heading\"><br>Bandiere Blu 2022 della Provincia di Carbonia-Iglesias<\/h3>\n\n\n\n<h4 class=\"wp-block-heading\"><br>Spiagge a Sant&#8217;Antioco<\/h4>\n\n\n\n<h5 class=\"wp-block-heading\"><br>Spiagge di Maladroxia \/ Coacuaddus<\/h5>\n\n\n\n<div class=\"wp-block-image\"><figure class=\"aligncenter size-full\"><img loading=\"lazy\" decoding=\"async\" width=\"960\" height=\"720\" src=\"https:\/\/www.traghettiup.com\/blog\/wp-content\/uploads\/2022\/05\/Spiaggia_Maladroxia.jpg\" alt=\"\" class=\"wp-image-5314\" srcset=\"https:\/\/www.traghettiup.com\/blog\/wp-content\/uploads\/2022\/05\/Spiaggia_Maladroxia.jpg 960w, https:\/\/www.traghettiup.com\/blog\/wp-content\/uploads\/2022\/05\/Spiaggia_Maladroxia-300x225.jpg 300w, https:\/\/www.traghettiup.com\/blog\/wp-content\/uploads\/2022\/05\/Spiaggia_Maladroxia-768x576.jpg 768w\" sizes=\"auto, (max-width: 960px) 100vw, 960px\" \/><figcaption><strong><em>Spiaggia di Maladroxia<\/em><\/strong><\/figcaption><\/figure><\/div>\n\n\n\n<p>Le contigue spiagge di Maladroxia e Coacuaddas (o Coaquaddus) si trovano sul versante sud-orientale dell&#8217;isola di Sant&#8217;Antioco. La prima, tra la macchia mediterranea, \u00e8 di soffice sabbia fina e bianca, libera ma anche in concessione a stabilimenti, con fondale basso e digradante. La seconda \u00e8 di sabbia bianca con granelli di dimensione media, completamente libera, con chiosco bar; pi\u00f9 selvaggia, \u00e8 circondata dalla vegetazione.<\/p>\n","protected":false},"excerpt":{"rendered":"<p>Tutte le spiagge sarde a cui nel 2022 \u00e8 stata assegnata la Bandiera Blu, indice di qualit\u00e0 del mare e di servizi eccellenti.<\/p>\n","protected":false},"author":3,"featured_media":5326,"comment_status":"closed","ping_status":"closed","sticky":false,"template":"","format":"standard","meta":{"footnotes":""},"categories":[12],"tags":[],"class_list":["post-5089","post","type-post","status-publish","format-standard","has-post-thumbnail","hentry","category-sardegna"],"_links":{"self":[{"href":"https:\/\/www.traghettiup.com\/blog\/wp-json\/wp\/v2\/posts\/5089","targetHints":{"allow":["GET"]}}],"collection":[{"href":"https:\/\/www.traghettiup.com\/blog\/wp-json\/wp\/v2\/posts"}],"about":[{"href":"https:\/\/www.traghettiup.com\/blog\/wp-json\/wp\/v2\/types\/post"}],"author":[{"embeddable":true,"href":"https:\/\/www.traghettiup.com\/blog\/wp-json\/wp\/v2\/users\/3"}],"replies":[{"embeddable":true,"href":"https:\/\/www.traghettiup.com\/blog\/wp-json\/wp\/v2\/comments?post=5089"}],"version-history":[{"count":104,"href":"https:\/\/www.traghettiup.com\/blog\/wp-json\/wp\/v2\/posts\/5089\/revisions"}],"predecessor-version":[{"id":5596,"href":"https:\/\/www.traghettiup.com\/blog\/wp-json\/wp\/v2\/posts\/5089\/revisions\/5596"}],"wp:featuredmedia":[{"embeddable":true,"href":"https:\/\/www.traghettiup.com\/blog\/wp-json\/wp\/v2\/media\/5326"}],"wp:attachment":[{"href":"https:\/\/www.traghettiup.com\/blog\/wp-json\/wp\/v2\/media?parent=5089"}],"wp:term":[{"taxonomy":"category","embeddable":true,"href":"https:\/\/www.traghettiup.com\/blog\/wp-json\/wp\/v2\/categories?post=5089"},{"taxonomy":"post_tag","embeddable":true,"href":"https:\/\/www.traghettiup.com\/blog\/wp-json\/wp\/v2\/tags?post=5089"}],"curies":[{"name":"wp","href":"https:\/\/api.w.org\/{rel}","templated":true}]}}