{"id":10472,"date":"2023-02-18T14:43:52","date_gmt":"2023-02-18T13:43:52","guid":{"rendered":"https:\/\/www.traghettiup.com\/blog\/?p=10472"},"modified":"2023-03-03T16:59:44","modified_gmt":"2023-03-03T15:59:44","slug":"carnevale-di-maiori-2023-e-choco-italia-in-tour-sfilate-e-cioccolato","status":"publish","type":"post","link":"https:\/\/www.traghettiup.com\/blog\/carnevale-di-maiori-2023-e-choco-italia-in-tour-sfilate-e-cioccolato\/","title":{"rendered":"Carnevale di Maiori 2023 e Choco Italia in Tour: sfilate e cioccolato"},"content":{"rendered":"\n<p><br>Il <strong>Gran Carnevale di Maiori<\/strong> nel 2023 \u00e8 ancora pi\u00f9 attraente del solito, grazie alla simultaneit\u00e0 con il <strong>Choco Italia in Tour<\/strong> che per l&#8217;occasione fa tappa nel comune della <a href=\"https:\/\/www.traghettiup.com\/luoghi\/costieraamalfitana\" data-type=\"URL\" data-id=\"https:\/\/www.traghettiup.com\/luoghi\/costieraamalfitana\">Costiera Amalfitana<\/a> con la Fiera del cioccolato. Non ci sono solo le sfilate dei carri allegorici e gli eventi musicali e di ballo, le maschere e i concorsi tra il 16 e il 26 febbraio, ma anche il festival, con annesso mercatino, del cioccolato artigianale dal 18 al 21 febbraio. <\/p>\n\n\n<div class=\"wp-block-image\">\n<figure class=\"aligncenter size-large\"><img loading=\"lazy\" decoding=\"async\" width=\"682\" height=\"1024\" src=\"https:\/\/www.traghettiup.com\/blog\/wp-content\/uploads\/2023\/02\/Locandina_Gran_Carnevale_Maiorese_2023-682x1024.jpg\" alt=\"\" class=\"wp-image-10501\" srcset=\"https:\/\/www.traghettiup.com\/blog\/wp-content\/uploads\/2023\/02\/Locandina_Gran_Carnevale_Maiorese_2023-682x1024.jpg 682w, https:\/\/www.traghettiup.com\/blog\/wp-content\/uploads\/2023\/02\/Locandina_Gran_Carnevale_Maiorese_2023-200x300.jpg 200w, https:\/\/www.traghettiup.com\/blog\/wp-content\/uploads\/2023\/02\/Locandina_Gran_Carnevale_Maiorese_2023-768x1153.jpg 768w, https:\/\/www.traghettiup.com\/blog\/wp-content\/uploads\/2023\/02\/Locandina_Gran_Carnevale_Maiorese_2023-1023x1536.jpg 1023w, https:\/\/www.traghettiup.com\/blog\/wp-content\/uploads\/2023\/02\/Locandina_Gran_Carnevale_Maiorese_2023.jpg 1066w\" sizes=\"auto, (max-width: 682px) 100vw, 682px\" \/><\/figure>\n<\/div>\n\n\n<h2 class=\"wp-block-heading\">Gran Carnevale Maiorese: programma della 49^ edizione<\/h2>\n\n\n\n<p>Il tema della <strong>49esima edizione<\/strong> del Gran Carnevale Maiorese \u00e8 la <strong>salvaguardia degli oceani e del pianeta<\/strong>. Gli eventi programmati si svolgono sul lungomare, nella tendostruttura e nell&#8217;anfiteatro del <a href=\"https:\/\/www.traghettiup.com\/porti\/maiori\" data-type=\"URL\" data-id=\"https:\/\/www.traghettiup.com\/porti\/maiori\">porto di Maiori<\/a>. <\/p>\n\n\n\n<p>Il 16 febbraio alle ore 10:00, presso la tendostruttura, la Compagnia Citrea ha inscenato il <strong>Musical <\/strong>&#8220;Pinocchio&#8221; per le scuole dell&#8217;infanzia e primaria. Il 17 alle ore 20:30 si \u00e8 esibita in <strong>concerto<\/strong> Silvia Mezzanotte, ex voce dei Matia Bazar. <\/p>\n\n\n\n<p>Il 18 alle ore 18:30 c&#8217;\u00e8 la gara di <strong>cosplay<\/strong>, che vince chi meglio indossa un costume interpretando un personaggio dei film, dei fumetti o dei cartoni animati. <\/p>\n\n\n\n<p>Il 19 febbraio \u00e8 in programma la <strong>sfilata dei carri allegorici e dei gruppi di ballo<\/strong> sia alle ore 11:30 da via Nuova Chiunzi che alle ore 15:30 dall&#8217;incrocio di via Nuova Chiunzi al porto turistico, con<strong> spettacolo pirotecnico<\/strong> sul viale a mare; alle ore 20:30 <strong>esibizione<\/strong> dei gruppi di ballo sul palco dell&#8217;anfiteatro. <\/p>\n\n\n\n<p>Il 20 febbraio alle 15:30 <strong>mascherine <\/strong>e <strong>spettacolo di bolle <\/strong>di Stefano Mauriello &#8220;The Bubble Artist&#8221; nella tendostruttura, dove alle 23:00 c&#8217;\u00e8 la festa a pagamento &#8220;<strong>Carnival Party<\/strong>&#8220;. <\/p>\n\n\n\n<p>Il 21 febbraio alle 15:00<strong> i carri e i gruppi di ballo sfilano<\/strong> dal Lungomare Capone al porto. <\/p>\n\n\n\n<p>Il 24 alle 20:30 nella stessa location si svolge il &#8220;<strong>Disco Music Revival<\/strong>&#8221; con <strong>balli di gruppo<\/strong> (special guest Daniele Vitale Sax). <\/p>\n\n\n\n<p>Giorno 25 alle 17.30 si svolge l&#8217;<strong>evento a tema Disney <\/strong>con fumetti in omaggio &#8220;Se lo sai rispondi &#8211; Salviamo il pianeta&#8221; presso Palazzo Mezzacapo; alle 20:30 c&#8217;\u00e8 lo <strong>spettacolo di teatro canzone<\/strong> con Paolo Caiazzo in &#8220;Terroni si nasce, ed io lo nacqui&#8230; modestamente&#8221; nella tendostruttura (ingresso gratuito con prenotazione su eventbrite.it). <\/p>\n\n\n\n<p>Il 26 febbraio alle 11:30 la <strong>parata dei carri allegorici e dei gruppi danzanti<\/strong> prende il via da Via Nuova Chiunzi, mentre alle 15:30 si muove dall&#8217;incrocio della strada fino al porto; alle 20.30, presso l&#8217;anfiteatro, ci sono le <strong>esibizioni <\/strong>sul palco dei gruppi di ballo e le <strong>premiazioni<\/strong>. <\/p>\n\n\n\n<p>Scarica il <a rel=\"noreferrer noopener\" href=\"https:\/\/www.traghettiup.com\/blog\/wp-content\/uploads\/2023\/02\/Programma_Carnevale_Maiori_2023.pdf\" data-type=\"URL\" data-id=\"https:\/\/www.traghettiup.com\/blog\/wp-content\/uploads\/2023\/02\/Programma_Carnevale_Maiori_2023.pdf\" target=\"_blank\">programma<\/a> in formato pdf.<\/p>\n\n\n\n<p>I <strong>carri <\/strong>che sfilano in questa edizione sono intitolati &#8220;Nettuno si pu\u00f2 salvare&#8221;, &#8220;L&#8217;isola che non c&#8217;\u00e8&#8221;, &#8220;The master trash, chef stellato in rifiuti gourmet&#8221;, &#8220;Un futuro da salvare&#8221; e &#8220;Non meravigliarti Alice&#8221;.<\/p>\n\n\n\n<p>In linea con le celebrazioni UNESCO per il <strong>Decennio del Mare<\/strong>, si intende contribuire alla ricerca scientifica, alla sostenibilit\u00e0, alla tutela ambientale e alla collaborazione tra settori. Le Nazioni Unite, infatti, hanno dichiarato il 2021 &#8211; 2030 il Decennio delle Scienze del Mare per lo Sviluppo Sostenibile.<\/p>\n\n\n\n<h3 class=\"wp-block-heading\"><br>Storia della manifestazione<\/h3>\n\n\n\n<p>La prima edizione del Gran Carnevale Maiorese si svolse nel 1971. I carri allegorici erano rappresentazioni sceniche, con coreografie e musiche che incarnavano lo spirito popolare della festa coinvolgendo pienamente il pubblico in un evento caratterizzato dal folclore e dalla tradizione. Dalla met\u00e0 degli anni settanta si cominci\u00f2 ad utilizzare nella creazione dei carri  il ferro e la cartapesta. Attualmente le <strong>opere fatte a mano dagli artigiani carristi<\/strong>, maestri cartapestai, hanno raggiunto un livello qualitativo elevato. I gruppi costruttori, ognuno con il proprio corpo danzante, sono quattro.<\/p>\n\n\n\n<h2 class=\"wp-block-heading\">Choco Italia in Tour a Maiori<\/h2>\n\n\n\n<figure class=\"wp-block-image size-full\"><img loading=\"lazy\" decoding=\"async\" width=\"960\" height=\"502\" src=\"https:\/\/www.traghettiup.com\/blog\/wp-content\/uploads\/2023\/02\/Choco_Italia_in_Tour_Maiori.jpg\" alt=\"\" class=\"wp-image-10488\" srcset=\"https:\/\/www.traghettiup.com\/blog\/wp-content\/uploads\/2023\/02\/Choco_Italia_in_Tour_Maiori.jpg 960w, https:\/\/www.traghettiup.com\/blog\/wp-content\/uploads\/2023\/02\/Choco_Italia_in_Tour_Maiori-300x157.jpg 300w, https:\/\/www.traghettiup.com\/blog\/wp-content\/uploads\/2023\/02\/Choco_Italia_in_Tour_Maiori-768x402.jpg 768w\" sizes=\"auto, (max-width: 960px) 100vw, 960px\" \/><\/figure>\n\n\n\n<p>La Fiera del cioccolato artigianale si tiene sul lungomare maiorese nei giorni 18 &#8211; 19 &#8211; 20 &#8211; 21 febbraio dalle ore 10:00 alle 24:00, dove si possono apprezzare le <strong>creazioni dei maestri cioccolattieri<\/strong> provenienti da tutta Italia, la <strong><em>Ciokofabbrica<\/em><\/strong>, prima fabbrica culturale europea del cioccolato itinerante, dolci e specialit\u00e0 italiane, praline, cremini, torroni e cioccolattini per tutti i gusti.<\/p>\n\n\n\n<p>Ci\u00f2 che accomuna la Fiera al Carnevale Maiorese non \u00e8 solo l&#8217;artigianato di qualit\u00e0, ma anche la cultura gastronomica locale; le melanzane al cioccolato sono infatti una ricetta tipica del posto.<\/p>\n","protected":false},"excerpt":{"rendered":"<p>Salvaguardia del mare, artigianato di qualit\u00e0 e cultura gastronomica sono concetti cardine anche a Carnevale in Costiera Amalfitana.<\/p>\n","protected":false},"author":3,"featured_media":10499,"comment_status":"closed","ping_status":"closed","sticky":false,"template":"","format":"standard","meta":{"footnotes":""},"categories":[329],"tags":[],"class_list":["post-10472","post","type-post","status-publish","format-standard","has-post-thumbnail","hentry","category-campania"],"_links":{"self":[{"href":"https:\/\/www.traghettiup.com\/blog\/wp-json\/wp\/v2\/posts\/10472","targetHints":{"allow":["GET"]}}],"collection":[{"href":"https:\/\/www.traghettiup.com\/blog\/wp-json\/wp\/v2\/posts"}],"about":[{"href":"https:\/\/www.traghettiup.com\/blog\/wp-json\/wp\/v2\/types\/post"}],"author":[{"embeddable":true,"href":"https:\/\/www.traghettiup.com\/blog\/wp-json\/wp\/v2\/users\/3"}],"replies":[{"embeddable":true,"href":"https:\/\/www.traghettiup.com\/blog\/wp-json\/wp\/v2\/comments?post=10472"}],"version-history":[{"count":19,"href":"https:\/\/www.traghettiup.com\/blog\/wp-json\/wp\/v2\/posts\/10472\/revisions"}],"predecessor-version":[{"id":10839,"href":"https:\/\/www.traghettiup.com\/blog\/wp-json\/wp\/v2\/posts\/10472\/revisions\/10839"}],"wp:featuredmedia":[{"embeddable":true,"href":"https:\/\/www.traghettiup.com\/blog\/wp-json\/wp\/v2\/media\/10499"}],"wp:attachment":[{"href":"https:\/\/www.traghettiup.com\/blog\/wp-json\/wp\/v2\/media?parent=10472"}],"wp:term":[{"taxonomy":"category","embeddable":true,"href":"https:\/\/www.traghettiup.com\/blog\/wp-json\/wp\/v2\/categories?post=10472"},{"taxonomy":"post_tag","embeddable":true,"href":"https:\/\/www.traghettiup.com\/blog\/wp-json\/wp\/v2\/tags?post=10472"}],"curies":[{"name":"wp","href":"https:\/\/api.w.org\/{rel}","templated":true}]}}